{"id":439,"date":"2021-07-05T08:19:16","date_gmt":"2021-07-05T08:19:16","guid":{"rendered":"https:\/\/biblioteka.unsa.ba\/?p=439"},"modified":"2025-12-31T08:20:07","modified_gmt":"2025-12-31T08:20:07","slug":"izlozba-povezi-smrti-u-povodu-obiljezavanja-26-godisnjice-genocida-u-srebrenici","status":"publish","type":"post","link":"https:\/\/biblioteka.unsa.ba\/?p=439","title":{"rendered":"Izlo\u017eba \u201ePovezi smrti\u201c u povodu obilje\u017eavanja 26. godi\u0161njice genocida u Srebrenici"},"content":{"rendered":"<p><b>Memorijalni centar Srebrenica \u2013 Poto\u010dari<\/b>\u00a0u saradnji s\u00a0<b>Univerzitetom u Sarajevu<\/b>\u00a0organizira izlo\u017ebu\u00a0<b><i>Povezi smrti<\/i><\/b>\u00a0u povodu obilje\u017eavanja 26. godi\u0161njice genocida u Srebrenici.<\/p>\n<p>Izlo\u017ebu \u010dini postavka fotografija\u00a0iz arhive International Criminal Tribunal for the Former Yugoslavia (ICTY) i arhive Memorijalnog centra Srebrenica \u2013 Poto\u010dari na kojima su prikazani povezi prona\u0111eni u masovnim grobnicama na podru\u010dju Srebrenice. Osim postavke fotografija, izlo\u017ebu prati katalog i \u0161est bilborda postavljenih u Kantonu Sarajevu s porukom\u00a0<b><i>Da se ne zaboravi i ne ponovi<\/i>.<\/b><\/p>\n<p>Otvaranje izlo\u017ebe planirano je za 7. juli 2021. godine u prostorijama Rektorata Univerziteta u Sarajevu.\u00a0 Izlo\u017eba \u0107e biti otvorena za javnost od 12 do 16. jula 2021. godine.<\/p>\n<p>Organizacioni odbor: prof. dr. Rifat \u0160krijelj, rektor Univerziteta u Sarajevu, prof. dr. Tamara Kara\u010da-Beljak, prorektorica za umjetnost, umjetni\u010dkoistra\u017eiva\u010dki rad, kulturu i sport Univerziteta u Sarajevu, Emir Suljagi\u0107, direktor Memorijalnog centra Srebrenica, Poto\u010dari.<\/p>\n<p>Odbor za realizaciju izlo\u017ebe: mr. sc. Nadina Grebovi\u0107-Lendo, direktorica Biblioteke Univerziteta u Sarajevu, koordinatorica izlo\u017ebe, Vahid Pirali\u0107, Biblioteka Filozofskog fakulteta Univerziteta u Sarajevu, mr. Azir Osmanovi\u0107, kustos, Memorijalni centar Srebrenica, Poto\u010dari, D\u017eenat Drekovi\u0107, editor izlo\u017ebe, doc. dr. Haris Dervi\u0161evi\u0107, Katedra za historiju umjetnosti Filozofskog fakulteta Univerziteta u Sarajevu.<\/p>\n<p>Podsje\u0107amo da je koordiniranim aktivnostima na Univerzitetu u Sarajevu tokom 2020. godine prikupljeno 5.000 bibliote\u010dkih jedinica za Biblioteku Memorijalnog centra, koja danas pohranjuje vi\u0161e od 11.000 svezaka. Univerzitet u Sarajevu kroz aktivnosti Biblioteke Univerziteta u Sarajevu radit \u0107e na organizaciji fondova Biblioteke Memorijalnog centra. Formiranje zbirki Srebrenica i Op\u0107i fond u\u010dinit \u0107e Biblioteku Memorijalnog centra prepoznatljivom me\u0111u istra\u017eiva\u010dima i histori\u010darima te \u0161iroj akademskoj zajednici kao mjesto na kojem je objedinjena gra\u0111a o genocidu u Srebrenici. Biblioteka u fondovima posjeduje knji\u017enu i neknji\u017enu gra\u0111u (fotografije, slike, karte\u2026). Gra\u0111a koja je predstavljena na izlo\u017ebi je tako\u0111er dio spomenutih fondova. U Memorijalnom centru Srebrenica \u2013 Poto\u010dari smje\u0161teni su biblioteka, arhiv i muzej kao trajni \u010duvari sje\u0107anja.<\/p>\n","protected":false},"excerpt":{"rendered":"<p>Memorijalni centar Srebrenica \u2013 Poto\u010dari\u00a0u saradnji s\u00a0Univerzitetom u Sarajevu\u00a0organizira izlo\u017ebu\u00a0Povezi smrti\u00a0u povodu obilje\u017eavanja 26. godi\u0161njice genocida u Srebrenici. Izlo\u017ebu \u010dini postavka fotografija\u00a0iz arhive International Criminal Tribunal for the Former Yugoslavia (ICTY) i arhive Memorijalnog centra Srebrenica \u2013 Poto\u010dari na kojima <a href=\"https:\/\/biblioteka.unsa.ba\/?p=439\" class=\"read-more\">Read More &#8230;<\/a><\/p>\n","protected":false},"author":3,"featured_media":440,"comment_status":"closed","ping_status":"closed","sticky":false,"template":"","format":"standard","meta":{"footnotes":""},"categories":[6,5],"tags":[],"class_list":["post-439","post","type-post","status-publish","format-standard","has-post-thumbnail","hentry","category-edukacija","category-novosti"],"_links":{"self":[{"href":"https:\/\/biblioteka.unsa.ba\/index.php?rest_route=\/wp\/v2\/posts\/439","targetHints":{"allow":["GET"]}}],"collection":[{"href":"https:\/\/biblioteka.unsa.ba\/index.php?rest_route=\/wp\/v2\/posts"}],"about":[{"href":"https:\/\/biblioteka.unsa.ba\/index.php?rest_route=\/wp\/v2\/types\/post"}],"author":[{"embeddable":true,"href":"https:\/\/biblioteka.unsa.ba\/index.php?rest_route=\/wp\/v2\/users\/3"}],"replies":[{"embeddable":true,"href":"https:\/\/biblioteka.unsa.ba\/index.php?rest_route=%2Fwp%2Fv2%2Fcomments&post=439"}],"version-history":[{"count":1,"href":"https:\/\/biblioteka.unsa.ba\/index.php?rest_route=\/wp\/v2\/posts\/439\/revisions"}],"predecessor-version":[{"id":441,"href":"https:\/\/biblioteka.unsa.ba\/index.php?rest_route=\/wp\/v2\/posts\/439\/revisions\/441"}],"wp:featuredmedia":[{"embeddable":true,"href":"https:\/\/biblioteka.unsa.ba\/index.php?rest_route=\/wp\/v2\/media\/440"}],"wp:attachment":[{"href":"https:\/\/biblioteka.unsa.ba\/index.php?rest_route=%2Fwp%2Fv2%2Fmedia&parent=439"}],"wp:term":[{"taxonomy":"category","embeddable":true,"href":"https:\/\/biblioteka.unsa.ba\/index.php?rest_route=%2Fwp%2Fv2%2Fcategories&post=439"},{"taxonomy":"post_tag","embeddable":true,"href":"https:\/\/biblioteka.unsa.ba\/index.php?rest_route=%2Fwp%2Fv2%2Ftags&post=439"}],"curies":[{"name":"wp","href":"https:\/\/api.w.org\/{rel}","templated":true}]}}