{"id":420,"date":"2023-01-12T08:10:57","date_gmt":"2023-01-12T08:10:57","guid":{"rendered":"https:\/\/biblioteka.unsa.ba\/?p=420"},"modified":"2025-12-31T08:11:32","modified_gmt":"2025-12-31T08:11:32","slug":"biblioteka-unsa-i-memorijalni-centar-srebrenica-nastavljaju-aktivnosti-na-uspostavljanju-rada-biblioteke-memorijalnog-centra-u-potocarima","status":"publish","type":"post","link":"https:\/\/biblioteka.unsa.ba\/?p=420","title":{"rendered":"Biblioteka UNSA i Memorijalni centar Srebrenica nastavljaju aktivnosti na uspostavljanju rada biblioteke Memorijalnog centra u Poto\u010darima"},"content":{"rendered":"<p>Biblioteka Univerziteta u Sarajevu i Memorijalni centar Srebrenica nastavljaju aktivnosti na uspostavljanju rada biblioteke Memorijalnog centra u Poto\u010darima. Tim povodom, od 10. do 12. januara, organizirana je akcija unosa bibliote\u010dke gra\u0111e u sistem COBISS i obuka zaposlenika Memorijalnog centra. U akciji u\u010destvuju bibliotekari sa licencom za rad u sistemu COBISS i predstavnik Nacionalne i univerzitetske biblioteke BiH. Tim ispred Univerziteta u Sarajevu \u010dine mr. sc. Nadina Grebovi\u0107-Lendo, direktorica Biblioteke Univerziteta u Sarajevu, Vahid Pirali\u0107, bibliotekar Filozofskog fakulteta Univerziteta u Sarajevu i Nihada Be\u0107irovi\u0107, knji\u017eni\u010darka Filozofskog fakulteta Univerziteta u Sarajevu. \u010clan tima ispred Nacionalne i univerzitetske biblioteke Bosne i Hercegovine je Teufik Osmanovi\u0107. Tako\u0111er, uz koordiniranu akciju, bibliotekari volonteri iz Sarajeva i uposlenici Orijentalnog instituta Univerziteta u Sarajevu i Filozofskog fakulteta Univerziteta u Sarajevu prikupili su publikacije za zbirku dje\u010dije literature. Memorijalni centar Srebrenica se zahvaljuje Univerzitetu u Sarajevu i bibliotekama uklju\u010denim u ovaj proces. Po zavr\u0161etku sre\u0111ivanja bibliote\u010dke gra\u0111e \u010ditaoci \u0107e mo\u0107i pristupiti na\u0161im bibliote\u010dkim zbirkama.<\/p>\n","protected":false},"excerpt":{"rendered":"<p>Biblioteka Univerziteta u Sarajevu i Memorijalni centar Srebrenica nastavljaju aktivnosti na uspostavljanju rada biblioteke Memorijalnog centra u Poto\u010darima. Tim povodom, od 10. do 12. januara, organizirana je akcija unosa bibliote\u010dke gra\u0111e u sistem COBISS i obuka zaposlenika Memorijalnog centra. U <a href=\"https:\/\/biblioteka.unsa.ba\/?p=420\" class=\"read-more\">Read More &#8230;<\/a><\/p>\n","protected":false},"author":3,"featured_media":421,"comment_status":"closed","ping_status":"closed","sticky":false,"template":"","format":"standard","meta":{"footnotes":""},"categories":[6,5],"tags":[],"class_list":["post-420","post","type-post","status-publish","format-standard","has-post-thumbnail","hentry","category-edukacija","category-novosti"],"_links":{"self":[{"href":"https:\/\/biblioteka.unsa.ba\/index.php?rest_route=\/wp\/v2\/posts\/420","targetHints":{"allow":["GET"]}}],"collection":[{"href":"https:\/\/biblioteka.unsa.ba\/index.php?rest_route=\/wp\/v2\/posts"}],"about":[{"href":"https:\/\/biblioteka.unsa.ba\/index.php?rest_route=\/wp\/v2\/types\/post"}],"author":[{"embeddable":true,"href":"https:\/\/biblioteka.unsa.ba\/index.php?rest_route=\/wp\/v2\/users\/3"}],"replies":[{"embeddable":true,"href":"https:\/\/biblioteka.unsa.ba\/index.php?rest_route=%2Fwp%2Fv2%2Fcomments&post=420"}],"version-history":[{"count":1,"href":"https:\/\/biblioteka.unsa.ba\/index.php?rest_route=\/wp\/v2\/posts\/420\/revisions"}],"predecessor-version":[{"id":422,"href":"https:\/\/biblioteka.unsa.ba\/index.php?rest_route=\/wp\/v2\/posts\/420\/revisions\/422"}],"wp:featuredmedia":[{"embeddable":true,"href":"https:\/\/biblioteka.unsa.ba\/index.php?rest_route=\/wp\/v2\/media\/421"}],"wp:attachment":[{"href":"https:\/\/biblioteka.unsa.ba\/index.php?rest_route=%2Fwp%2Fv2%2Fmedia&parent=420"}],"wp:term":[{"taxonomy":"category","embeddable":true,"href":"https:\/\/biblioteka.unsa.ba\/index.php?rest_route=%2Fwp%2Fv2%2Fcategories&post=420"},{"taxonomy":"post_tag","embeddable":true,"href":"https:\/\/biblioteka.unsa.ba\/index.php?rest_route=%2Fwp%2Fv2%2Ftags&post=420"}],"curies":[{"name":"wp","href":"https:\/\/api.w.org\/{rel}","templated":true}]}}