{"id":399,"date":"2020-10-30T08:02:13","date_gmt":"2020-10-30T08:02:13","guid":{"rendered":"https:\/\/biblioteka.unsa.ba\/?p=399"},"modified":"2025-12-31T08:03:02","modified_gmt":"2025-12-31T08:03:02","slug":"nacionalni-dan-svjesnosti-o-bibliotekama-u-bih-biblioteka-je-moj-sareni-svijet","status":"publish","type":"post","link":"https:\/\/biblioteka.unsa.ba\/?p=399","title":{"rendered":"Nacionalni dan svjesnosti o bibliotekama u BiH: Biblioteka je moj \u0161areni svijet"},"content":{"rendered":"<h3><em>Dodijeljene nagrade u\u010denicima prvih i drugih razreda osnovnih \u0161kola kao rezultat likovnog natje\u010daja \u201eMoj(a) bibliotekar(ka)\u201c<\/em><\/h3>\n<p>Dodjela nagrada u\u010denicima prvih i drugih razreda osnovnih \u0161kola kao rezultat likovnog natje\u010daja \u201eMoj(a) bibliotekar(ka)\u201c uprili\u010dena je 30. oktobra 2020. godine u Rektoratu Univerziteta u Sarajevu.<\/p>\n<p>Ovim doga\u0111ajem \u0161alje se poruka javnosti iskazana rije\u010dima jednog od pobjednika ovog likovnog natje\u010daja: \u201eBiblioteka je moj \u0161areni svijet\u201c.<\/p>\n<p>Povodom Nacionalnog dana svjesnosti o bibliotekama 2020, Akcijska grupa Nacionalnog dana svjesnosti o bibliotekama u BiH Univerziteta u Sarajevu organizirala je likovni natje\u010daj \u201eMoj(a) bibliotekar(ka)\u201c, na koji je zaprimljeno ukupno 260 radova.<br \/>\nKomisija za odabir likovnih radova: Sad\u017eida Bjelak (Biblioteka FFUNSA), doc. dr. Haris Dervi\u0161evi\u0107 (Katedra za historiju umjetnosti), mag. bibliotekarstva Emina Ke\u0161an Tolomanoski (Biblioteka FFUNSA) i Vahid Pirali\u0107 (Biblioteka FFUNSA), odabrala je 30 radova za online izlo\u017ebu, a potom i tri koja su najbolje odgovorila na zadatu temu. Autori nagra\u0111enih radova su:\u00a0<strong>Vedad Hondo<\/strong>\u00a0(\u201eDruga osnovna \u0161kola\u201c, Hrasnica),\u00a0<strong>Harun Had\u017ei\u0107<\/strong>\u00a0(Osnovna \u0161kola \u201eBehaudin Selmanovi\u0107\u201c, Sarajevo) i\u00a0<strong>Ali Dupovac<\/strong>\u00a0(Osnovna \u0161kola \u201e6. mart\u201c, Had\u017ei\u0107i).<\/p>\n<p>Nagrade u\u010denicima Vedadu Hondi, Harunu Had\u017ei\u0107u i Aliju Dupovcu uru\u010dili su\u00a0<strong>prof. dr. Rifat \u0160krijelj<\/strong>, rektor Univerziteta u Sarajevu, i\u00a0<strong>mr. sc. Nadina Grebovi\u0107-Lendo<\/strong>, koordinatorica Akcijske grupe Nacionalnog dana svjesnosti o bibliotekama u BiH u ime Univerziteta u Sarajevu. Ovom prilikom uru\u010deni su i poklon paketi knjiga za biblioteke osnovnih \u0161kola koje poha\u0111aju nagra\u0111eni u\u010denici.<\/p>\n<p>Galerija radova dostupna je na online izlo\u017ebi:<br \/>\n<a href=\"http:\/\/biblioteka.ff.unsa.ba\/ezbirke\/exhibits\/show\/moj-a--bibliotekar-ka-\">http:\/\/biblioteka.ff.unsa.ba\/ezbirke\/exhibits\/show\/moj-a&#8211;bibliotekar-ka-<\/a>.<\/p>\n<p>Nacionalni dan svjesnosti o bibliotekama u BiH obilje\u017eava se ve\u0107 \u010detvrtu godinu zaredom i bilje\u017ei zna\u010dajan porast interesiranja javnosti. Cilj Nacionalnog dana jeste podsjetiti gra\u0111anke i gra\u0111ane na va\u017enost u\u010de\u0161\u0107a biblioteka u izgradnji dru\u0161tva znanja. Na\u0161i partneri u projektu, Sveu\u010dili\u0161te u Mostaru i Kantonalna i univerzitetska biblioteka u Biha\u0107u, tako\u0111er \u0107e doprinijeti ovom doga\u0111aju sa svojim bibliotekama-partnerima.<\/p>\n<p>U petak 30. oktobra 2020. godine biblioteke \u2013 partneri (nacionalna, \u0161kolske, javne, visoko\u0161kolske, specijalne biblioteke) obilje\u017eavaju Nacionalni dan kroz organizaciju razli\u010ditih aktivnosti (predavanja, seminara, izlo\u017ebi i sl.). Univerzitet u Sarajevu je u ovaj doga\u0111aj involvirao vi\u0161e od 40 biblioteka partnera iz BiH koje su danas ponudile razli\u010dite sadr\u017eaje svojim korisni\u010dkim zajednicama. Vi\u0161e od 50 programa se odr\u017eava na razli\u010ditim lokacijama, kako online tako i u fizi\u010dkom prostoru, prate\u0107i upute kriznih \u0161tabova nadle\u017enih za epidemiolo\u0161ku situaciju. \u00a0Od programskih aktivnosti na\u0161ih biblioteka-partnera izdvajamo: tradicionalnu izlo\u017ebu Nacionalne i univerzitetske biblioteke BiH, radionicu \u201eRuka kao centralni leksem \u010dovjekovog \u017eivota\u201c Biblioteke \u010cetvrte gimnazije Ilid\u017ea, program Biblioteke Sarajeva \u0160krinjica ma\u0161te \u2013 videopri\u010da za djecu, program predstavljanja digitalnih zbirki Gazi Husrev-begove biblioteke.<\/p>\n<p>Nacionalni dan svjesnosti o bibliotekama u BiH rezultat je trogodi\u0161njeg Erasmus + Capacity Building projekta\u00a0<em>Umre\u017eena biblioteka \u2013 slu\u017ebe podr\u0161ke: Modernizacija biblioteka u zemljama Zapadnog Balkana kroz razvoj osoblja i reformu bibliote\u010dkih usluga<\/em>. Glavni koordinator projekta je bio Institut za tehnologiju iz Irske.<\/p>\n<p>Ovogodi\u0161nji moto glasi\u00a0<em><strong>Biblioteka bez zidova<\/strong><\/em>, a u fokusu su u\u010denici od prvog do \u010detvrtog razreda osnovne \u0161kole, najmla\u0111i korisnici biblioteka.<\/p>\n","protected":false},"excerpt":{"rendered":"<p>Dodijeljene nagrade u\u010denicima prvih i drugih razreda osnovnih \u0161kola kao rezultat likovnog natje\u010daja \u201eMoj(a) bibliotekar(ka)\u201c Dodjela nagrada u\u010denicima prvih i drugih razreda osnovnih \u0161kola kao rezultat likovnog natje\u010daja \u201eMoj(a) bibliotekar(ka)\u201c uprili\u010dena je 30. oktobra 2020. godine u Rektoratu Univerziteta u <a href=\"https:\/\/biblioteka.unsa.ba\/?p=399\" class=\"read-more\">Read More &#8230;<\/a><\/p>\n","protected":false},"author":3,"featured_media":400,"comment_status":"closed","ping_status":"closed","sticky":false,"template":"","format":"standard","meta":{"footnotes":""},"categories":[6,5],"tags":[],"class_list":["post-399","post","type-post","status-publish","format-standard","has-post-thumbnail","hentry","category-edukacija","category-novosti"],"_links":{"self":[{"href":"https:\/\/biblioteka.unsa.ba\/index.php?rest_route=\/wp\/v2\/posts\/399","targetHints":{"allow":["GET"]}}],"collection":[{"href":"https:\/\/biblioteka.unsa.ba\/index.php?rest_route=\/wp\/v2\/posts"}],"about":[{"href":"https:\/\/biblioteka.unsa.ba\/index.php?rest_route=\/wp\/v2\/types\/post"}],"author":[{"embeddable":true,"href":"https:\/\/biblioteka.unsa.ba\/index.php?rest_route=\/wp\/v2\/users\/3"}],"replies":[{"embeddable":true,"href":"https:\/\/biblioteka.unsa.ba\/index.php?rest_route=%2Fwp%2Fv2%2Fcomments&post=399"}],"version-history":[{"count":1,"href":"https:\/\/biblioteka.unsa.ba\/index.php?rest_route=\/wp\/v2\/posts\/399\/revisions"}],"predecessor-version":[{"id":401,"href":"https:\/\/biblioteka.unsa.ba\/index.php?rest_route=\/wp\/v2\/posts\/399\/revisions\/401"}],"wp:featuredmedia":[{"embeddable":true,"href":"https:\/\/biblioteka.unsa.ba\/index.php?rest_route=\/wp\/v2\/media\/400"}],"wp:attachment":[{"href":"https:\/\/biblioteka.unsa.ba\/index.php?rest_route=%2Fwp%2Fv2%2Fmedia&parent=399"}],"wp:term":[{"taxonomy":"category","embeddable":true,"href":"https:\/\/biblioteka.unsa.ba\/index.php?rest_route=%2Fwp%2Fv2%2Fcategories&post=399"},{"taxonomy":"post_tag","embeddable":true,"href":"https:\/\/biblioteka.unsa.ba\/index.php?rest_route=%2Fwp%2Fv2%2Ftags&post=399"}],"curies":[{"name":"wp","href":"https:\/\/api.w.org\/{rel}","templated":true}]}}