{"id":391,"date":"2025-04-08T07:55:41","date_gmt":"2025-04-08T07:55:41","guid":{"rendered":"https:\/\/biblioteka.unsa.ba\/?p=391"},"modified":"2025-12-31T07:56:24","modified_gmt":"2025-12-31T07:56:24","slug":"univerzitet-u-sarajevu-ucestvuje-na-xxxvi-medjunarodnom-sajmu-knjiga-i-ucila","status":"publish","type":"post","link":"https:\/\/biblioteka.unsa.ba\/?p=391","title":{"rendered":"Univerzitet u Sarajevu u\u010destvuje na XXXVI Me\u0111unarodnom sajmu knjiga i u\u010dila"},"content":{"rendered":"<p><span lang=\"BS-LATN-BA\" xml:lang=\"BS-LATN-BA\">KJP Centar,,Skenderija&#8221; d.o.o. &#8211; Sarajevski sajam i Programski savjet Sajma knjiga u periodu\u00a0<b>od 09. do 14. aprila 2025. godine<\/b>\u00a0organizuju\u00a0<b><i>XXXVI Me\u0111unarodni sajam knjiga i u\u010dila<\/i><\/b>. Ovogodi\u0161nja tema nosi naziv\u00a0<b>\u201c\u010citaj me\u201c<\/b>.<\/span><\/p>\n<p><span lang=\"BS-LATN-BA\" xml:lang=\"BS-LATN-BA\">Univerzitet u Sarajevu je jedan od izlaga\u010da na XXXVI Me\u0111unarodnom sajmu knjiga i u\u010dila u okviru kojeg \u0107e biti organizirani brojni doga\u0111aji\u00a0koji prate ovogodi\u0161nju temu Sajma.\u00a0<\/span><span lang=\"BS-LATN-BA\" xml:lang=\"BS-LATN-BA\">Razvijenu izdava\u010dku djelatnost \u2013 nau\u010dnu produkciju na sajamskom \u0161tandu \u0107e predstaviti\u00a0fakulteti, akademije i instituti Univerziteta u Sarajevu, a bit \u0107e promovirane i bibliote\u010dko-informacijske usluge biblioteka na Univerzitetu u Sarajevu.<\/span><\/p>\n<p><span lang=\"BS-LATN-BA\" xml:lang=\"BS-LATN-BA\">Na sajamskom \u0161tandu \u0107e biti organizirani \u010dasovi lektire za u\u010denike srednjih \u0161kola. Predava\u010di \u0107e biti profesori Univerziteta u Sarajevu &#8211; Filozofskog fakulteta.<\/span><\/p>\n<p><span lang=\"BS-LATN-BA\" xml:lang=\"BS-LATN-BA\">Na \u0161tandu Univerziteta u Sarajevu \u0107e biti postavljena izlo\u017eba Odsjeka za restauraciju i konzervaciju Akademije likovnih umjetnosti.<\/span><\/p>\n<p><span lang=\"BS-LATN-BA\" xml:lang=\"BS-LATN-BA\">U\u00a0<i>Bosanskoj ku\u0107i bit \u0107e uprili\u010deno 5 promocija\u00a0<\/i>knjiga \u010diji su izdava\u010di \u010dlanice Univerziteta.<\/span><\/p>\n<p><span lang=\"BS-LATN-BA\" xml:lang=\"BS-LATN-BA\">Na Sajmu \u0107e biti odr\u017ean nau\u010dni okrugli sto na temu &#8220;Knjiga, memorija, mediji&#8221;, a koji \u0107e okupiti doma\u0107e, regionalne i me\u0111unarodne eminentne stru\u010dnjake, teoreti\u010dare i prakti\u010dare predlo\u017eene teme.<\/span><\/p>\n","protected":false},"excerpt":{"rendered":"<p>KJP Centar,,Skenderija&#8221; d.o.o. &#8211; Sarajevski sajam i Programski savjet Sajma knjiga u periodu\u00a0od 09. do 14. aprila 2025. godine\u00a0organizuju\u00a0XXXVI Me\u0111unarodni sajam knjiga i u\u010dila. Ovogodi\u0161nja tema nosi naziv\u00a0\u201c\u010citaj me\u201c. Univerzitet u Sarajevu je jedan od izlaga\u010da na XXXVI Me\u0111unarodnom sajmu <a href=\"https:\/\/biblioteka.unsa.ba\/?p=391\" class=\"read-more\">Read More &#8230;<\/a><\/p>\n","protected":false},"author":3,"featured_media":392,"comment_status":"closed","ping_status":"closed","sticky":false,"template":"","format":"standard","meta":{"footnotes":""},"categories":[6,5],"tags":[],"class_list":["post-391","post","type-post","status-publish","format-standard","has-post-thumbnail","hentry","category-edukacija","category-novosti"],"_links":{"self":[{"href":"https:\/\/biblioteka.unsa.ba\/index.php?rest_route=\/wp\/v2\/posts\/391","targetHints":{"allow":["GET"]}}],"collection":[{"href":"https:\/\/biblioteka.unsa.ba\/index.php?rest_route=\/wp\/v2\/posts"}],"about":[{"href":"https:\/\/biblioteka.unsa.ba\/index.php?rest_route=\/wp\/v2\/types\/post"}],"author":[{"embeddable":true,"href":"https:\/\/biblioteka.unsa.ba\/index.php?rest_route=\/wp\/v2\/users\/3"}],"replies":[{"embeddable":true,"href":"https:\/\/biblioteka.unsa.ba\/index.php?rest_route=%2Fwp%2Fv2%2Fcomments&post=391"}],"version-history":[{"count":1,"href":"https:\/\/biblioteka.unsa.ba\/index.php?rest_route=\/wp\/v2\/posts\/391\/revisions"}],"predecessor-version":[{"id":393,"href":"https:\/\/biblioteka.unsa.ba\/index.php?rest_route=\/wp\/v2\/posts\/391\/revisions\/393"}],"wp:featuredmedia":[{"embeddable":true,"href":"https:\/\/biblioteka.unsa.ba\/index.php?rest_route=\/wp\/v2\/media\/392"}],"wp:attachment":[{"href":"https:\/\/biblioteka.unsa.ba\/index.php?rest_route=%2Fwp%2Fv2%2Fmedia&parent=391"}],"wp:term":[{"taxonomy":"category","embeddable":true,"href":"https:\/\/biblioteka.unsa.ba\/index.php?rest_route=%2Fwp%2Fv2%2Fcategories&post=391"},{"taxonomy":"post_tag","embeddable":true,"href":"https:\/\/biblioteka.unsa.ba\/index.php?rest_route=%2Fwp%2Fv2%2Ftags&post=391"}],"curies":[{"name":"wp","href":"https:\/\/api.w.org\/{rel}","templated":true}]}}